{"id":3009,"date":"2024-09-09T20:25:05","date_gmt":"2024-09-09T23:25:05","guid":{"rendered":"https:\/\/ensalberdi-tuc.infd.edu.ar\/sitio\/?p=3009"},"modified":"2024-09-09T20:25:06","modified_gmt":"2024-09-09T23:25:06","slug":"invitacion-a-los-alumnos-de-los-profesorados-de-geografia-y-biologia","status":"publish","type":"post","link":"https:\/\/ensalberdi-tuc.infd.edu.ar\/sitio\/invitacion-a-los-alumnos-de-los-profesorados-de-geografia-y-biologia\/","title":{"rendered":"Invitaci\u00f3n a los alumnos de los profesorados de Geograf\u00eda y Biolog\u00eda"},"content":{"rendered":"\n<figure class=\"wp-block-video\"><\/figure>\n\n\n\n<figure class=\"wp-block-video\"><\/figure>\n\n\n\n<figure class=\"wp-block-image size-full\"><img decoding=\"async\" loading=\"lazy\" width=\"1131\" height=\"1600\" src=\"https:\/\/ensalberdi-tuc.infd.edu.ar\/sitio\/wp-content\/uploads\/2024\/09\/WhatsApp-Image-2024-09-09-at-6.44.22-PM.jpeg\" alt=\"\" class=\"wp-image-3010\" srcset=\"https:\/\/ensalberdi-tuc.infd.edu.ar\/sitio\/wp-content\/uploads\/2024\/09\/WhatsApp-Image-2024-09-09-at-6.44.22-PM.jpeg 1131w, https:\/\/ensalberdi-tuc.infd.edu.ar\/sitio\/wp-content\/uploads\/2024\/09\/WhatsApp-Image-2024-09-09-at-6.44.22-PM-707x1000.jpeg 707w, https:\/\/ensalberdi-tuc.infd.edu.ar\/sitio\/wp-content\/uploads\/2024\/09\/WhatsApp-Image-2024-09-09-at-6.44.22-PM-768x1086.jpeg 768w, https:\/\/ensalberdi-tuc.infd.edu.ar\/sitio\/wp-content\/uploads\/2024\/09\/WhatsApp-Image-2024-09-09-at-6.44.22-PM-1086x1536.jpeg 1086w\" sizes=\"(max-width: 1131px) 100vw, 1131px\" \/><\/figure>\n","protected":false},"excerpt":{"rendered":"","protected":false},"author":55,"featured_media":0,"comment_status":"open","ping_status":"open","sticky":false,"template":"","format":"standard","meta":[],"categories":[1],"tags":[],"acf":[],"_links":{"self":[{"href":"https:\/\/ensalberdi-tuc.infd.edu.ar\/sitio\/wp-json\/wp\/v2\/posts\/3009"}],"collection":[{"href":"https:\/\/ensalberdi-tuc.infd.edu.ar\/sitio\/wp-json\/wp\/v2\/posts"}],"about":[{"href":"https:\/\/ensalberdi-tuc.infd.edu.ar\/sitio\/wp-json\/wp\/v2\/types\/post"}],"author":[{"embeddable":true,"href":"https:\/\/ensalberdi-tuc.infd.edu.ar\/sitio\/wp-json\/wp\/v2\/users\/55"}],"replies":[{"embeddable":true,"href":"https:\/\/ensalberdi-tuc.infd.edu.ar\/sitio\/wp-json\/wp\/v2\/comments?post=3009"}],"version-history":[{"count":1,"href":"https:\/\/ensalberdi-tuc.infd.edu.ar\/sitio\/wp-json\/wp\/v2\/posts\/3009\/revisions"}],"predecessor-version":[{"id":3011,"href":"https:\/\/ensalberdi-tuc.infd.edu.ar\/sitio\/wp-json\/wp\/v2\/posts\/3009\/revisions\/3011"}],"wp:attachment":[{"href":"https:\/\/ensalberdi-tuc.infd.edu.ar\/sitio\/wp-json\/wp\/v2\/media?parent=3009"}],"wp:term":[{"taxonomy":"category","embeddable":true,"href":"https:\/\/ensalberdi-tuc.infd.edu.ar\/sitio\/wp-json\/wp\/v2\/categories?post=3009"},{"taxonomy":"post_tag","embeddable":true,"href":"https:\/\/ensalberdi-tuc.infd.edu.ar\/sitio\/wp-json\/wp\/v2\/tags?post=3009"}],"curies":[{"name":"wp","href":"https:\/\/api.w.org\/{rel}","templated":true}]}}