{"id":2930,"date":"2026-03-11T23:46:15","date_gmt":"2026-03-12T02:46:15","guid":{"rendered":"https:\/\/ensalberdi-tuc.infd.edu.ar\/sitio\/?p=2930"},"modified":"2026-03-29T14:06:46","modified_gmt":"2026-03-29T17:06:46","slug":"inscripcion-ano-2026-requisitos","status":"publish","type":"post","link":"https:\/\/ensalberdi-tuc.infd.edu.ar\/sitio\/inscripcion-ano-2026-requisitos\/","title":{"rendered":"INSCRIPCI\u00d3N A\u00d1O 2026 &#8211; REQUISITOS"},"content":{"rendered":"\n<p><strong>REQUISITOS<\/strong>: <\/p>\n\n\n\n<p>Aprobar el examen e ingreso<\/p>\n\n\n\n<p>Ficha de matricula<\/p>\n\n\n\n<p>Fotocopia autenticada de t\u00edtulo secundario o constancia<\/p>\n\n\n\n<p>Fotocopia de DNI<\/p>\n\n\n\n<p>Carpeta manila amarilla<\/p>\n\n\n\n<p>Certificado de aptitud f\u00edsica (PLAZO DE 30 D\u00cdAS PARA SU PRESENTACI\u00d3N)<\/p>\n","protected":false},"excerpt":{"rendered":"<p>REQUISITOS: Aprobar el examen e ingreso Ficha de matricula Fotocopia autenticada de t\u00edtulo secundario o constancia Fotocopia de DNI Carpeta manila amarilla Certificado de aptitud f\u00edsica (PLAZO DE 30 D\u00cdAS PARA SU PRESENTACI\u00d3N)<\/p>\n","protected":false},"author":55,"featured_media":0,"comment_status":"open","ping_status":"open","sticky":false,"template":"","format":"standard","meta":[],"categories":[1],"tags":[],"acf":[],"_links":{"self":[{"href":"https:\/\/ensalberdi-tuc.infd.edu.ar\/sitio\/wp-json\/wp\/v2\/posts\/2930"}],"collection":[{"href":"https:\/\/ensalberdi-tuc.infd.edu.ar\/sitio\/wp-json\/wp\/v2\/posts"}],"about":[{"href":"https:\/\/ensalberdi-tuc.infd.edu.ar\/sitio\/wp-json\/wp\/v2\/types\/post"}],"author":[{"embeddable":true,"href":"https:\/\/ensalberdi-tuc.infd.edu.ar\/sitio\/wp-json\/wp\/v2\/users\/55"}],"replies":[{"embeddable":true,"href":"https:\/\/ensalberdi-tuc.infd.edu.ar\/sitio\/wp-json\/wp\/v2\/comments?post=2930"}],"version-history":[{"count":6,"href":"https:\/\/ensalberdi-tuc.infd.edu.ar\/sitio\/wp-json\/wp\/v2\/posts\/2930\/revisions"}],"predecessor-version":[{"id":3588,"href":"https:\/\/ensalberdi-tuc.infd.edu.ar\/sitio\/wp-json\/wp\/v2\/posts\/2930\/revisions\/3588"}],"wp:attachment":[{"href":"https:\/\/ensalberdi-tuc.infd.edu.ar\/sitio\/wp-json\/wp\/v2\/media?parent=2930"}],"wp:term":[{"taxonomy":"category","embeddable":true,"href":"https:\/\/ensalberdi-tuc.infd.edu.ar\/sitio\/wp-json\/wp\/v2\/categories?post=2930"},{"taxonomy":"post_tag","embeddable":true,"href":"https:\/\/ensalberdi-tuc.infd.edu.ar\/sitio\/wp-json\/wp\/v2\/tags?post=2930"}],"curies":[{"name":"wp","href":"https:\/\/api.w.org\/{rel}","templated":true}]}}