{"id":2397,"date":"2021-05-17T20:25:02","date_gmt":"2021-05-17T23:25:02","guid":{"rendered":"https:\/\/ensalberdi-tuc.infd.edu.ar\/sitio\/?p=2397"},"modified":"2021-05-21T19:33:44","modified_gmt":"2021-05-21T22:33:44","slug":"2397-2","status":"publish","type":"post","link":"https:\/\/ensalberdi-tuc.infd.edu.ar\/sitio\/2397-2\/","title":{"rendered":"PROGRAMA DE TODAS LAS CARRERAS"},"content":{"rendered":"<h1>PROFESORADO DE BIOLOGIA<\/h1>\n<h2><strong>1\u00ba A\u00d1O<\/strong><\/h2>\n<p><a href=\"https:\/\/ensalberdi-tuc.infd.edu.ar\/sitio\/wp-content\/uploads\/2021\/05\/PROGRAMA-2020-listo-1.docx\">PROGRAMA 2020 listo (1)<\/a><\/p>\n<p><a href=\"https:\/\/ensalberdi-tuc.infd.edu.ar\/sitio\/wp-content\/uploads\/2021\/05\/programa-Biologia-Celular-2020-pandemia.docx\">programa Biologia Celular 2020 (pandemia)<\/a><\/p>\n<p><a href=\"https:\/\/ensalberdi-tuc.infd.edu.ar\/sitio\/wp-content\/uploads\/2021\/05\/PROGRAMA-CIENCIAS-NATURALES-2020.docx\">PROGRAMA CIENCIAS NATURALES 2020<\/a><\/p>\n<p><a href=\"https:\/\/ensalberdi-tuc.infd.edu.ar\/sitio\/wp-content\/uploads\/2021\/05\/Programa-de-HyPEA-Terciario-Normal.-Yepez-2020-PDF.pdf\">Programa de HyPEA, Terciario Normal. Yepez 2020 PDF<\/a><\/p>\n<p><a href=\"https:\/\/ensalberdi-tuc.infd.edu.ar\/sitio\/wp-content\/uploads\/2021\/05\/Programa-de-Laboratorio-2020.pdf\">Programa de Laboratorio 2020<\/a><\/p>\n<p><a href=\"https:\/\/ensalberdi-tuc.infd.edu.ar\/sitio\/wp-content\/uploads\/2021\/05\/Programa-de-Modelo-Matem\u00e1tico..docx\">Programa de Modelo Matem\u00e1tico.<\/a><\/p>\n<p><a href=\"https:\/\/ensalberdi-tuc.infd.edu.ar\/sitio\/wp-content\/uploads\/2021\/05\/Programa-de-Modelos-f\u00edsicos-1\u00b0-a\u00f1o-de-Biolog\u00eda.docx\">Programa de Modelos f\u00edsicos- 1\u00b0 a\u00f1o de Biolog\u00eda<\/a><\/p>\n<p><a href=\"https:\/\/ensalberdi-tuc.infd.edu.ar\/sitio\/wp-content\/uploads\/2021\/05\/PROGRAMA-DE-PROBLEM\u00c1TICA-DE-LA-EDUCACI\u00d3N-SECUNDARIA-.doc\">PROGRAMA DE PROBLEM\u00c1TICA DE LA EDUCACI\u00d3N SECUNDARIA<\/a><\/p>\n<p><a href=\"https:\/\/ensalberdi-tuc.infd.edu.ar\/sitio\/wp-content\/uploads\/2021\/05\/PROGRAMA-DEFINITIVO-LEO-BIOLOG\u00cdA-1\u00b0-2020.pdf\">PROGRAMA DEFINITIVO LEO -BIOLOG\u00cdA- 1\u00b0-2020<\/a><\/p>\n<p><a href=\"https:\/\/ensalberdi-tuc.infd.edu.ar\/sitio\/wp-content\/uploads\/2021\/05\/PROGRAMA-DIDACTICA-2020-terminado-para-enviar-1.docx\">PROGRAMA DIDACTICA 2020 terminado para enviar (1)<\/a><\/p>\n<p><a href=\"https:\/\/ensalberdi-tuc.infd.edu.ar\/sitio\/wp-content\/uploads\/2021\/05\/PROGRAMA-DIDACTICA-2020-terminado-para-enviar.docx\">PROGRAMA DIDACTICA 2020 terminado para enviar<\/a><\/p>\n<p><a href=\"https:\/\/ensalberdi-tuc.infd.edu.ar\/sitio\/wp-content\/uploads\/2021\/05\/PROGRAMA-QUIMICA-GENERAL-E-INORGANICA-2020.pdf\">PROGRAMA QUIMICA GENERAL E INORGANICA 2020<\/a><\/p>\n<h2><strong>2\u00ba A\u00d1O<\/strong><\/h2>\n<p><a href=\"https:\/\/ensalberdi-tuc.infd.edu.ar\/sitio\/wp-content\/uploads\/2021\/05\/Cs-de-la-Tierra.-Programa-2020.odt\">Cs de la Tierra. Programa 2020<\/a><\/p>\n<p><a href=\"https:\/\/ensalberdi-tuc.infd.edu.ar\/sitio\/wp-content\/uploads\/2021\/05\/ESCUELA-NORMAL-SUPERIOR-EN-LENGUAS-VIVAS-J-copia.pdf\">ESCUELA NORMAL SUPERIOR EN LENGUAS VIVAS J copia<\/a><\/p>\n<p><a href=\"https:\/\/ensalberdi-tuc.infd.edu.ar\/sitio\/wp-content\/uploads\/2021\/05\/Programa-Pr\u00e1ctica-Profesional-II-2020.docx\">Programa Pr\u00e1ctica Profesional II 2020<\/a><\/p>\n<p><a href=\"https:\/\/ensalberdi-tuc.infd.edu.ar\/sitio\/wp-content\/uploads\/2021\/05\/PROGRAMA-quimica-2020-pandemia.-1.docx\">PROGRAMA quimica 2020 (pandemia). (1)<\/a><\/p>\n<p><a href=\"https:\/\/ensalberdi-tuc.infd.edu.ar\/sitio\/wp-content\/uploads\/2021\/05\/PROGRAMA-quimica-2020-pandemia..docx\">PROGRAMA quimica 2020 (pandemia).<\/a><\/p>\n<p><a href=\"https:\/\/ensalberdi-tuc.infd.edu.ar\/sitio\/wp-content\/uploads\/2021\/05\/Programa-Sociolog\u00eda-de-la-Educaci\u00f3n-2020.docx\">Programa Sociolog\u00eda de la Educaci\u00f3n 2020<\/a><\/p>\n<h2><strong>3\u00ba A\u00d1O<\/strong><\/h2>\n<p><a href=\"https:\/\/ensalberdi-tuc.infd.edu.ar\/sitio\/wp-content\/uploads\/2021\/05\/Programa-Biodiversidad-Animal-2020.pdf\">Programa Biodiversidad Animal 2020<\/a><\/p>\n<p><a href=\"https:\/\/ensalberdi-tuc.infd.edu.ar\/sitio\/wp-content\/uploads\/2021\/05\/Programa-de-Examen-Biodiv-Vegetal-1-Prof.-en-Biolog\u00eda-2020.docx\">Programa de Examen Biodiv Vegetal 1 Prof. en Biolog\u00eda 2020<\/a><\/p>\n<p><a href=\"https:\/\/ensalberdi-tuc.infd.edu.ar\/sitio\/wp-content\/uploads\/2021\/05\/Programa-de-examen-EDI-de-3er-a\u00f1o-Prof.-en-Biolog\u00eda-2020.docx\">Programa de examen EDI de 3er a\u00f1o Prof. en Biolog\u00eda 2020<\/a><\/p>\n<p><a href=\"https:\/\/ensalberdi-tuc.infd.edu.ar\/sitio\/wp-content\/uploads\/2021\/05\/Programa-de-examen-Gen\u00e9tica-Prof.-en-Biolog\u00eda-2020.docx\">Programa de examen Gen\u00e9tica Prof. en Biolog\u00eda 2020<\/a><\/p>\n<p><a href=\"https:\/\/ensalberdi-tuc.infd.edu.ar\/sitio\/wp-content\/uploads\/2021\/05\/Programa-de-Examen.docx\">Programa de Examen<\/a><\/p>\n<p><a href=\"https:\/\/ensalberdi-tuc.infd.edu.ar\/sitio\/wp-content\/uploads\/2021\/05\/programa-normal-2020.docx\">programa normal 2020<\/a><\/p>\n<h2><strong>4\u00ba A\u00d1O<\/strong><\/h2>\n<p><a href=\"https:\/\/ensalberdi-tuc.infd.edu.ar\/sitio\/wp-content\/uploads\/2021\/05\/Ecolog\u00eda-y-Educaci\u00f3n-Ambiental-Programa-2020.pdf\">Ecolog\u00eda y Educaci\u00f3n Ambiental- Programa-2020<\/a><\/p>\n<p><a href=\"https:\/\/ensalberdi-tuc.infd.edu.ar\/sitio\/wp-content\/uploads\/2021\/05\/PROFESORADO-DE-BIOLOGIA.docx\">PROFESORADO DE BIOLOGIA<\/a><\/p>\n<p><a href=\"https:\/\/ensalberdi-tuc.infd.edu.ar\/sitio\/wp-content\/uploads\/2021\/05\/Programa-Biodiversidad-Animal-II.docx\">Programa Biodiversidad Animal II<\/a><\/p>\n<p><a href=\"https:\/\/ensalberdi-tuc.infd.edu.ar\/sitio\/wp-content\/uploads\/2021\/05\/Programa-Biotecnologia-2020-Prof.-Vaca.doc\">Programa Biotecnologia-2020-Prof. Vaca<\/a><\/p>\n<p><a href=\"https:\/\/ensalberdi-tuc.infd.edu.ar\/sitio\/wp-content\/uploads\/2021\/05\/Programa-de-examen-2020-filosof\u00eda.docx\">Programa de examen 2020 filosof\u00eda<\/a><\/p>\n<p><a href=\"https:\/\/ensalberdi-tuc.infd.edu.ar\/sitio\/wp-content\/uploads\/2021\/05\/Programa-EDI-Fotograf\u00eda-Cient\u00edfica-2020.pdf\">Programa EDI Fotograf\u00eda Cient\u00edfica 2020<\/a><\/p>\n<p><a href=\"https:\/\/ensalberdi-tuc.infd.edu.ar\/sitio\/wp-content\/uploads\/2021\/05\/PROGRAMA-ESI-4\u00b0-PROF.-BIOLOG\u00cdA-2020-1.docx\">PROGRAMA ESI 4\u00b0 PROF. BIOLOG\u00cdA 2020 (1)<\/a><\/p>\n<p><a href=\"https:\/\/ensalberdi-tuc.infd.edu.ar\/sitio\/wp-content\/uploads\/2021\/05\/Programa-Examen-Biotecnologia-2020-Prof.Vaca_.doc\">Programa Examen Biotecnologia-2020-Prof.Vaca<\/a><\/p>\n<p><a href=\"https:\/\/ensalberdi-tuc.infd.edu.ar\/sitio\/wp-content\/uploads\/2021\/05\/PROGRAMA-EXAMEN-NORMAL-2020..docx\">PROGRAMA EXAMEN NORMAL 2020.<\/a><\/p>\n<p><a href=\"https:\/\/ensalberdi-tuc.infd.edu.ar\/sitio\/wp-content\/uploads\/2021\/05\/programa-normal-2020-1.docx\">programa normal 2020<\/a><\/p>\n<p>&nbsp;<\/p>\n<h1>PROFESORADO DE GEOGRAFIA<\/h1>\n<h2>\u00a0<strong>1\u00ba A\u00d1O<\/strong><\/h2>\n<p><a href=\"https:\/\/ensalberdi-tuc.infd.edu.ar\/sitio\/wp-content\/uploads\/2021\/05\/Programa-de-HyPEA-Terciario-Normal.-Yepez-2020-PDF-1.pdf\">Programa de HyPEA, Terciario Normal. Yepez 2020 PDF<\/a><\/p>\n<p><a href=\"https:\/\/ensalberdi-tuc.infd.edu.ar\/sitio\/wp-content\/uploads\/2021\/05\/Programa-EDI-Carrera-Geograf\u00eda-PRIMER-A\u00d1O-Normal-2020.pdf\">Programa EDI- Carrera Geograf\u00eda- PRIMER A\u00d1O- Normal- 2020<\/a><\/p>\n<p><a href=\"https:\/\/ensalberdi-tuc.infd.edu.ar\/sitio\/wp-content\/uploads\/2021\/05\/Programa-PRACTICA-1-2020.docx\">Programa PRACTICA 1- 2020<\/a><\/p>\n<h2><strong>2\u00ba A\u00d1O<\/strong><\/h2>\n<p><a href=\"https:\/\/ensalberdi-tuc.infd.edu.ar\/sitio\/wp-content\/uploads\/2021\/05\/PROFESORADO-GEOGRAFIA.docx\">PROFESORADO GEOGRAFIA<\/a><\/p>\n<p><a href=\"https:\/\/ensalberdi-tuc.infd.edu.ar\/sitio\/wp-content\/uploads\/2021\/05\/Programa-de-examen-.Sociolog\u00eda-de-la-educaci\u00f3n-2020.docx\">Programa de examen .Sociolog\u00eda de la educaci\u00f3n 2020<\/a><\/p>\n<p><a href=\"https:\/\/ensalberdi-tuc.infd.edu.ar\/sitio\/wp-content\/uploads\/2021\/05\/PROGRAMA-DE-EXAMEN-GEOGRAF\u00cdA.docx\">PROGRAMA DE EXAMEN GEOGRAF\u00cdA<\/a><\/p>\n<p><a href=\"https:\/\/ensalberdi-tuc.infd.edu.ar\/sitio\/wp-content\/uploads\/2021\/05\/Programa-de-examen-Sujeto-2020.doc\">Programa de examen Sujeto 2020<\/a><\/p>\n<p><a href=\"https:\/\/ensalberdi-tuc.infd.edu.ar\/sitio\/wp-content\/uploads\/2021\/05\/Programa-Geog.-Cultural-NORMAL-2020.doc\">Programa Geog. Cultural NORMAL-2020<\/a><\/p>\n<p><a href=\"https:\/\/ensalberdi-tuc.infd.edu.ar\/sitio\/wp-content\/uploads\/2021\/05\/Programa-Geog.-Pol\u00edtica-ESCUELA-NORMAL-2020.doc\">Programa Geog. Pol\u00edtica ESCUELA NORMAL-2020<\/a><\/p>\n<p><a href=\"https:\/\/ensalberdi-tuc.infd.edu.ar\/sitio\/wp-content\/uploads\/2021\/05\/PROGRAMA-POBLACION-2020.docx\">PROGRAMA POBLACION 2020<\/a><\/p>\n<p><a href=\"https:\/\/ensalberdi-tuc.infd.edu.ar\/sitio\/wp-content\/uploads\/2021\/05\/Programa-Sistemas-de-Representaciones-Territoriales-Cartograf\u00eda-ESCUELA-NORMAL-2020.doc\">Programa Sistemas de Representaciones Territoriales (Cartograf\u00eda)<\/a><\/p>\n<h2><strong>3\u00ba A\u00d1O<\/strong><\/h2>\n<p><a href=\"https:\/\/ensalberdi-tuc.infd.edu.ar\/sitio\/wp-content\/uploads\/2021\/05\/Programa-de-examen-2020.pdf\">Programa de examen 2020<\/a><\/p>\n<p><a href=\"https:\/\/ensalberdi-tuc.infd.edu.ar\/sitio\/wp-content\/uploads\/2021\/05\/PROGRAMA-DE-EXAMEN-ARGENTINA-NORMAL-2020.docx\">PROGRAMA DE EXAMEN ARGENTINA NORMAL 2020<\/a><\/p>\n<p><a href=\"https:\/\/ensalberdi-tuc.infd.edu.ar\/sitio\/wp-content\/uploads\/2021\/05\/PROGRAMA-DE-EXAMEN-ECONOMICA-NORMAL-2020.docx\">PROGRAMA DE EXAMEN ECONOMICA NORMAL 2020<\/a><\/p>\n<p><a href=\"https:\/\/ensalberdi-tuc.infd.edu.ar\/sitio\/wp-content\/uploads\/2021\/05\/PROGRAMA-DE-PRACTICA-PROFESIONAL-III-GEOGRAFIA.docx\">PROGRAMA DE PRACTICA PROFESIONAL III GEOGRAFIA<\/a><\/p>\n<p><a href=\"https:\/\/ensalberdi-tuc.infd.edu.ar\/sitio\/wp-content\/uploads\/2021\/05\/Programa-Producci\u00f3n-de-Recursos-Did\u00e1cticos-y-Digitales-para-la-Ense\u00f1anza-Escuela-Normal-2020-1.doc\">Programa Producci\u00f3n de Recursos Did\u00e1cticos y Digitales para la Ense\u00f1anza Escuela Normal-2020 (1)<\/a><\/p>\n<p><a href=\"https:\/\/ensalberdi-tuc.infd.edu.ar\/sitio\/wp-content\/uploads\/2021\/05\/Programa-Producci\u00f3n-de-Recursos-Did\u00e1cticos-y-Digitales-para-la-Ense\u00f1anza-Escuela-Normal-2020.doc\">Programa Producci\u00f3n de Recursos Did\u00e1cticos y Digitales para la Ense\u00f1anza Escuela Normal-2020<\/a><\/p>\n<h2><strong>4\u00ba A\u00d1O<\/strong><\/h2>\n<p><a href=\"https:\/\/ensalberdi-tuc.infd.edu.ar\/sitio\/wp-content\/uploads\/2021\/05\/Programa-Desarrollo-y-Territorialidad-en-Am\u00e9rica-Latina-NORMAL-2020-1.doc\">Programa Desarrollo y Territorialidad en Am\u00e9rica Latina NORMAL-2020<\/a><\/p>\n<h1>PROFESORADO DE PRIMARIA<\/h1>\n<h2><strong>1\u00ba A\u00d1O<\/strong><\/h2>\n<p><a href=\"https:\/\/ensalberdi-tuc.infd.edu.ar\/sitio\/wp-content\/uploads\/2021\/05\/DIDACTICA-DE-LA-MATEMATRICA-I-2020.pdf\">DIDACTICA DE LA MATEMATRICA I &#8211; 2020<\/a><\/p>\n<p><a href=\"https:\/\/ensalberdi-tuc.infd.edu.ar\/sitio\/wp-content\/uploads\/2021\/05\/MATEMATICA-2020.pdf\">MATEMATICA 2020<\/a><\/p>\n<p><a href=\"https:\/\/ensalberdi-tuc.infd.edu.ar\/sitio\/wp-content\/uploads\/2021\/05\/Programa-2020-Practica-profesional-1.pdf\">Programa 2020 Practica profesional 1<\/a><\/p>\n<p><a href=\"https:\/\/ensalberdi-tuc.infd.edu.ar\/sitio\/wp-content\/uploads\/2021\/05\/Programa-2020-Problematica-de-la-Educacion-Primaria.pdf\">Programa 2020 Problematica de la Educacion Primaria<\/a><\/p>\n<p><a href=\"https:\/\/ensalberdi-tuc.infd.edu.ar\/sitio\/wp-content\/uploads\/2021\/05\/Programa-2020.docx\">Programa 2020<\/a><\/p>\n<p><a href=\"https:\/\/ensalberdi-tuc.infd.edu.ar\/sitio\/wp-content\/uploads\/2021\/05\/Programa-de-HyPEA-Terciario-Normal.-Yepez-2020-PDF-2.pdf\">Programa de HyPEA, Terciario Normal. Yepez 2020 PDF<\/a><\/p>\n<p><a href=\"https:\/\/ensalberdi-tuc.infd.edu.ar\/sitio\/wp-content\/uploads\/2021\/05\/PROGRAMA-DEFINITIVO-LEO-PRIMARIA-1\u00b0-COM-2-2020.pdf\">PROGRAMA DEFINITIVO LEO PRIMARIA 1\u00b0 COM 2- 2020<\/a><\/p>\n<p><a href=\"https:\/\/ensalberdi-tuc.infd.edu.ar\/sitio\/wp-content\/uploads\/2021\/05\/PROGRAMA-EXAMEN-PEDAGOG\u00cdA-PEP-COM-2.docx\">PROGRAMA EXAMEN PEDAGOG\u00cdA PEP COM 2<\/a><\/p>\n<p><a href=\"https:\/\/ensalberdi-tuc.infd.edu.ar\/sitio\/wp-content\/uploads\/2021\/05\/PROGRAMA-LEO-PRIMARIA-1\u00b0-COM-2-2020.pdf\">PROGRAMA LEO PRIMARIA 1\u00b0 COM 2- 2020<\/a><\/p>\n<p><a href=\"https:\/\/ensalberdi-tuc.infd.edu.ar\/sitio\/wp-content\/uploads\/2021\/05\/Programa-Practica-I-2021.docx\">Programa Practica I &#8211; 2021<\/a><\/p>\n<p><a href=\"https:\/\/ensalberdi-tuc.infd.edu.ar\/sitio\/wp-content\/uploads\/2021\/05\/Programa-Practica-I.pdf\">Programa Practica I<\/a><\/p>\n<p><a href=\"https:\/\/ensalberdi-tuc.infd.edu.ar\/sitio\/wp-content\/uploads\/2021\/05\/Programa-Problem\u00e1tica-2020.docx\">Programa Problem\u00e1tica 2020<\/a><\/p>\n<p><a href=\"https:\/\/ensalberdi-tuc.infd.edu.ar\/sitio\/wp-content\/uploads\/2021\/05\/PROGREX-LENGUA-PRIM-20.docx\">PROGREX LENGUA PRIM 20<\/a><\/p>\n<p><a href=\"https:\/\/ensalberdi-tuc.infd.edu.ar\/sitio\/wp-content\/uploads\/2021\/05\/Sujeto-1.doc\">Sujeto (1)<\/a><\/p>\n<h2><strong>2\u00ba A\u00d1O<\/strong><\/h2>\n<p><a href=\"https:\/\/ensalberdi-tuc.infd.edu.ar\/sitio\/wp-content\/uploads\/2021\/05\/PEI-Didacticadelalengua-2-2-Lizarraga.docx\">PEI-Didacticadelalengua-2-2-Lizarraga<\/a><\/p>\n<p><a href=\"https:\/\/ensalberdi-tuc.infd.edu.ar\/sitio\/wp-content\/uploads\/2021\/05\/PROG-DE-EXA-DIDACT-MAT-1-PEP-2\u00b02\u00b0-2020.docx\">PROG DE EXA DIDACT MAT 1 PEP 2\u00b02\u00b0 2020<\/a><\/p>\n<p><a href=\"https:\/\/ensalberdi-tuc.infd.edu.ar\/sitio\/wp-content\/uploads\/2021\/05\/Program-de-examen-Did\u00e1ctica-del-Nivel-2020-1.docx\">Program de examen Did\u00e1ctica del Nivel 2020<\/a><\/p>\n<p><a href=\"https:\/\/ensalberdi-tuc.infd.edu.ar\/sitio\/wp-content\/uploads\/2021\/05\/Programa-de-examen-2020-1.docx\">Programa de examen 2020<\/a><\/p>\n<p><a href=\"https:\/\/ensalberdi-tuc.infd.edu.ar\/sitio\/wp-content\/uploads\/2021\/05\/PROGRAMA-DE-EXAMEN-DM-2-PEP-3\u00b02\u00b0-2020-1.docx\">PROGRAMA DE EXAMEN DM 2 PEP 3\u00b02\u00b0 2020<\/a><\/p>\n<p><a href=\"https:\/\/ensalberdi-tuc.infd.edu.ar\/sitio\/wp-content\/uploads\/2021\/05\/PROGRAMA-DIDACTICA-CS-NATURALES-2020-1.docx\">PROGRAMA DIDACTICA CS NATURALES 2020<\/a><\/p>\n<p><a href=\"https:\/\/ensalberdi-tuc.infd.edu.ar\/sitio\/wp-content\/uploads\/2021\/05\/PROGRAMA-SUJETO-II-INICIAL-2020-1.docx\">PROGRAMA SUJETO II INICIAL 2020<\/a><\/p>\n<h2><strong>3\u00ba A\u00d1O<\/strong><\/h2>\n<p><a href=\"https:\/\/ensalberdi-tuc.infd.edu.ar\/sitio\/wp-content\/uploads\/2021\/05\/PEI-DIDACTICADELALENGUA-3-1-LIZARRAGA.docx\">PEI-DIDACTICADELALENGUA-3-1-LIZARRAGA<\/a><\/p>\n<p><a href=\"https:\/\/ensalberdi-tuc.infd.edu.ar\/sitio\/wp-content\/uploads\/2021\/05\/Programa-2020-1.docx\">Programa 2020<\/a><\/p>\n<p><a href=\"https:\/\/ensalberdi-tuc.infd.edu.ar\/sitio\/wp-content\/uploads\/2021\/05\/PROGRAMA-DE-DIDACTICA-II.pdf\">PROGRAMA DE DIDACTICA II<\/a><\/p>\n<p><a href=\"https:\/\/ensalberdi-tuc.infd.edu.ar\/sitio\/wp-content\/uploads\/2021\/05\/Programa-de-examen-Did\u00e1ctica-de-las-Cs-Nat-II-Primaria.docx\">Programa de examen Did\u00e1ctica de las Cs Nat II- Primaria<\/a><\/p>\n<p><a href=\"https:\/\/ensalberdi-tuc.infd.edu.ar\/sitio\/wp-content\/uploads\/2021\/05\/PROGRAMA-DE-EXAMEN-ESI-3\u00b0-1-y-2-ED.PRIMARIA.docx\">PROGRAMA DE EXAMEN ESI 3\u00b0 1 y 2 ED.PRIMARIA<\/a><\/p>\n<h2><strong>4\u00ba A\u00d1O<\/strong><\/h2>\n<p><a href=\"https:\/\/ensalberdi-tuc.infd.edu.ar\/sitio\/wp-content\/uploads\/2021\/05\/Planif.-Formac.-\u00c9tica-y-Ciudadana.-P.E.-Primaria.docx\">Planif. Formac. \u00c9tica y Ciudadana. P.E. Primaria<\/a><\/p>\n<p><a href=\"https:\/\/ensalberdi-tuc.infd.edu.ar\/sitio\/wp-content\/uploads\/2021\/05\/Programa-EDI-Esc.-2020.docx\">Programa EDI Esc. 2020<\/a><\/p>\n<h1>PROFESORADO DE INICIAL<\/h1>\n<h2><strong>1\u00ba A\u00d1O<\/strong><\/h2>\n<p><a href=\"https:\/\/ensalberdi-tuc.infd.edu.ar\/sitio\/wp-content\/uploads\/2021\/05\/Lectura-escritura-y-oralidad-Prof.-Guanuco-Noelia-Programa.pdf\">Lectura, escritura y oralidad &#8211; Prof. Guanuco Noelia-Programa<\/a><\/p>\n<p><a href=\"https:\/\/ensalberdi-tuc.infd.edu.ar\/sitio\/wp-content\/uploads\/2021\/05\/PROGRAMA-DE-EXAMEN-2020-PEI.docx\">PROGRAMA DE EXAMEN 2020 PEI<\/a><\/p>\n<p><a href=\"https:\/\/ensalberdi-tuc.infd.edu.ar\/sitio\/wp-content\/uploads\/2021\/05\/PROGRAMA-DE-EXAMEN-2020SUJETO.doc\">PROGRAMA DE EXAMEN 2020SUJETO<\/a><\/p>\n<p><a href=\"https:\/\/ensalberdi-tuc.infd.edu.ar\/sitio\/wp-content\/uploads\/2021\/05\/PROGRAMA-DE-EXAMEN-MAT-PEI-1\u00b02\u00b0-2020.docx\">PROGRAMA DE EXAMEN MAT PEI 1\u00b02\u00b0 2020<\/a><\/p>\n<p><a href=\"https:\/\/ensalberdi-tuc.infd.edu.ar\/sitio\/wp-content\/uploads\/2021\/05\/PROGRAMA-DE-EXAMEN-PEI-1ero-C1.docx\">PROGRAMA DE EXAMEN PEI- 1ero C1<\/a><\/p>\n<p><a href=\"https:\/\/ensalberdi-tuc.infd.edu.ar\/sitio\/wp-content\/uploads\/2021\/05\/Programa-de-HyPEA-Terciario-Normal.-Yepez-2020-PDF-3.pdf\">Programa de HyPEA, Terciario Normal. Yepez 2020 PDF<\/a><\/p>\n<p><a href=\"https:\/\/ensalberdi-tuc.infd.edu.ar\/sitio\/wp-content\/uploads\/2021\/05\/PROGRAMA-de-MATEM\u00c1TICA-DE-1\u00b0-NIVEL-INICIAL.docx\">PROGRAMA de MATEM\u00c1TICA DE 1\u00b0 NIVEL INICIAL<\/a><\/p>\n<p><a href=\"https:\/\/ensalberdi-tuc.infd.edu.ar\/sitio\/wp-content\/uploads\/2021\/05\/PROGRAMA-EXAMEN-PEDAGOG\u00cdA-COM-1-PEI.docx\">PROGRAMA EXAMEN PEDAGOG\u00cdA COM 1 PEI<\/a><\/p>\n<p><a href=\"https:\/\/ensalberdi-tuc.infd.edu.ar\/sitio\/wp-content\/uploads\/2021\/05\/Programa-Practica-I-2021-1.docx\">Programa Practica I &#8211; 2021<\/a><\/p>\n<p><a href=\"https:\/\/ensalberdi-tuc.infd.edu.ar\/sitio\/wp-content\/uploads\/2021\/05\/Programa-Practica-I-1.pdf\">Programa Practica I<\/a><\/p>\n<p><a href=\"https:\/\/ensalberdi-tuc.infd.edu.ar\/sitio\/wp-content\/uploads\/2021\/05\/Programa-Didactica-de-la-Cs.Nat_.-Com.-1-PEI.pdf\">Programa-Didactica de la Cs.Nat.-Com. 1-PEI<\/a><\/p>\n<p><a href=\"https:\/\/ensalberdi-tuc.infd.edu.ar\/sitio\/wp-content\/uploads\/2021\/05\/Sujeto.doc\">Sujeto<\/a><\/p>\n<h2><strong>2\u00ba A\u00d1O<\/strong><\/h2>\n<p><a href=\"https:\/\/ensalberdi-tuc.infd.edu.ar\/sitio\/wp-content\/uploads\/2021\/05\/Did\u00e1ctica-de-nivel.docx\">Did\u00e1ctica de nivel<\/a><\/p>\n<p><a href=\"https:\/\/ensalberdi-tuc.infd.edu.ar\/sitio\/wp-content\/uploads\/2021\/05\/Org-ygestion-del-nivel-inicial.docx\">Org ygestion del nivel inicial<\/a><\/p>\n<p><a href=\"https:\/\/ensalberdi-tuc.infd.edu.ar\/sitio\/wp-content\/uploads\/2021\/05\/PROGRAMA-2\u00b02\u00b0-2020.docx\">PROGRAMA 2\u00b02\u00b0-2020<\/a><\/p>\n<p><a href=\"https:\/\/ensalberdi-tuc.infd.edu.ar\/sitio\/wp-content\/uploads\/2021\/05\/PROGRAMA-DE-EXAMEN-DM-1-PEI-2020.docx\">PROGRAMA DE EXAMEN DM 1 PEI 2020<\/a><\/p>\n<p><a href=\"https:\/\/ensalberdi-tuc.infd.edu.ar\/sitio\/wp-content\/uploads\/2021\/05\/Programa-de-exmamen-2020.docx\">Programa de exmamen- 2020<\/a><\/p>\n<p><a href=\"https:\/\/ensalberdi-tuc.infd.edu.ar\/sitio\/wp-content\/uploads\/2021\/05\/PROGRAMA-EXAMEN-SOCIOLOG\u00cdA-DE-LA-EDUC.-COM.1-PEI.docx\">PROGRAMA EXAMEN SOCIOLOG\u00cdA DE LA EDUC. COM.1 PEI<\/a><\/p>\n<p><a href=\"https:\/\/ensalberdi-tuc.infd.edu.ar\/sitio\/wp-content\/uploads\/2021\/05\/PROGREX-DID\u00c1CTICA-LENGUA-20.docx\">PROGREX DID\u00c1CTICA LENGUA 20<\/a><\/p>\n<p><a href=\"https:\/\/ensalberdi-tuc.infd.edu.ar\/sitio\/wp-content\/uploads\/2021\/05\/PROGREX-EDI-20.docx\">PROGREX EDI 20<\/a><\/p>\n<p><a href=\"https:\/\/ensalberdi-tuc.infd.edu.ar\/sitio\/wp-content\/uploads\/2021\/05\/PROGREX-LENGUA-INICIAL-20.docx\">PROGREX LENGUA INICIAL 20<\/a><\/p>\n<h2><strong>3\u00ba A\u00d1O<\/strong><\/h2>\n<p><a href=\"https:\/\/ensalberdi-tuc.infd.edu.ar\/sitio\/wp-content\/uploads\/2021\/05\/2020-Programa-de-Examen-ESI-PEI-3ro-C1-y-C2-Normal.pdf\">2020 Programa de Examen ESI PEI 3ro C1 y C2 Normal<\/a><\/p>\n<p><a href=\"https:\/\/ensalberdi-tuc.infd.edu.ar\/sitio\/wp-content\/uploads\/2021\/05\/ESCUELA-NORMAL-SUPERIOR-EN-LENGUAS-VIVAS-J.pdf\">ESCUELA NORMAL SUPERIOR EN LENGUAS VIVAS J<\/a><\/p>\n<p><a href=\"https:\/\/ensalberdi-tuc.infd.edu.ar\/sitio\/wp-content\/uploads\/2021\/05\/PEI-DIDACTICADELALENGUA-3-1-LIZARRAGA-1.docx\">PEI-DIDACTICADELALENGUA-3-1-LIZARRAGA (1)<\/a><\/p>\n<p><a href=\"https:\/\/ensalberdi-tuc.infd.edu.ar\/sitio\/wp-content\/uploads\/2021\/05\/PEI-DIDACTICADELALENGUA-3-1-LIZARRAGA-2.docx\">PEI-DIDACTICADELALENGUA-3-1-LIZARRAGA<\/a><\/p>\n<p><a href=\"https:\/\/ensalberdi-tuc.infd.edu.ar\/sitio\/wp-content\/uploads\/2021\/05\/PROGRAMA-3\u00b01\u00b0-2020.docx\">PROGRAMA 3\u00b01\u00b0-2020<\/a><\/p>\n<p><a href=\"https:\/\/ensalberdi-tuc.infd.edu.ar\/sitio\/wp-content\/uploads\/2021\/05\/PROGRAMA-DIDACTICA-INICIAL.docx\">PROGRAMA DIDACTICA INICIAL<\/a><\/p>\n<p><a href=\"https:\/\/ensalberdi-tuc.infd.edu.ar\/sitio\/wp-content\/uploads\/2021\/05\/PROGRAMA-DID\u00c1CTICA-LENGUA-Y-LITERATURA-II-3\u00b0-2da-INICIAL-2020.pdf\">PROGRAMA DID\u00c1CTICA LENGUA Y LITERATURA II- 3\u00b0 2da- INICIAL- 2020<\/a><\/p>\n<p><a href=\"https:\/\/ensalberdi-tuc.infd.edu.ar\/sitio\/wp-content\/uploads\/2021\/05\/Programa-Didactica-de-la-Cs.Nat_.-Com.-1-PEI-1.pdf\">Programa-Didactica de la Cs.Nat.-Com. 1-PEI<\/a><\/p>\n<p><a href=\"https:\/\/ensalberdi-tuc.infd.edu.ar\/sitio\/wp-content\/uploads\/2021\/05\/PROGREX-ALFA-INICIAL-2020.docx\">PROGREX ALFA INICIAL 2020<\/a><\/p>\n<p><a href=\"https:\/\/ensalberdi-tuc.infd.edu.ar\/sitio\/wp-content\/uploads\/2021\/05\/PROGREX-ALFA-PRIM-2020.docx\">PROGREX ALFA PRIM 2020<\/a><\/p>\n<h2><strong>4\u00ba A\u00d1O<\/strong><\/h2>\n<p><a href=\"https:\/\/ensalberdi-tuc.infd.edu.ar\/sitio\/wp-content\/uploads\/2021\/05\/EDI-4\u00b0-A\u00d1O.doc\">EDI 4\u00b0 A\u00d1O<\/a><\/p>\n<p><a href=\"https:\/\/ensalberdi-tuc.infd.edu.ar\/sitio\/wp-content\/uploads\/2021\/05\/programa-2020-INTEGRACION-E-INCLUSION-EDUC.docx\">programa 2020 INTEGRACION E INCLUSION EDUC<\/a><\/p>\n<p><a href=\"https:\/\/ensalberdi-tuc.infd.edu.ar\/sitio\/wp-content\/uploads\/2021\/05\/PROGRAMA-EXAMEN-INTEGRACI\u00d3N-E-INCLUSI\u00d3N-EDUCATIVA-COM-1-PEI.docx\">PROGRAMA EXAMEN INTEGRACI\u00d3N E INCLUSI\u00d3N EDUCATIVA COM 1 PEI<\/a><\/p>\n<h1>PROFESORADO DE PORTUGUES<\/h1>\n<h2><strong>1\u00ba A\u00d1O<\/strong><\/h2>\n<p><a href=\"https:\/\/ensalberdi-tuc.infd.edu.ar\/sitio\/wp-content\/uploads\/2021\/05\/PROFESORADO-DE-PORTUGUES-1.docx\">PROFESORADO DE PORTUGUES<\/a><\/p>\n<p><a href=\"https:\/\/ensalberdi-tuc.infd.edu.ar\/sitio\/wp-content\/uploads\/2021\/05\/Programa-de-HyPEA-Terciario-Normal.-Yepez-2020-PDF-4.pdf\">Programa de HyPEA, Terciario Normal. Yepez 2020 PDF<\/a><\/p>\n<h2><strong>2\u00ba A\u00d1O<\/strong><\/h2>\n<p><a href=\"https:\/\/ensalberdi-tuc.infd.edu.ar\/sitio\/wp-content\/uploads\/2021\/05\/PROGRAMA-DE-EXAMEN-PSIC-DEL-DESARROLLO.docx\">PROGRAMA DE EXAMEN PSIC DEL DESARROLLO<\/a><\/p>\n<h2><strong>3\u00ba A\u00d1O<\/strong><\/h2>\n<h2><strong>4\u00ba A\u00d1O<\/strong><\/h2>\n<p><a href=\"https:\/\/ensalberdi-tuc.infd.edu.ar\/sitio\/wp-content\/uploads\/2021\/05\/2020-Programa-de-Examen-ESI-Prof-Portugu\u00e9s.pdf\">2020 Programa de Examen ESI Prof Portugu\u00e9s<\/a><\/p>\n<p><a href=\"https:\/\/ensalberdi-tuc.infd.edu.ar\/sitio\/wp-content\/uploads\/2021\/05\/PROGRAMA-DE-EXAMEN-DE-FILOSOF\u00cdA-DE-LA-EDUCACI\u00d3N-.doc\">PROGRAMA DE EXAMEN DE FILOSOF\u00cdA DE LA EDUCACI\u00d3N<\/a><\/p>\n<h2><\/h2>\n<p>&nbsp;<\/p>\n","protected":false},"excerpt":{"rendered":"<p>PROFESORADO DE BIOLOGIA 1\u00ba A\u00d1O PROGRAMA 2020 listo (1) programa Biologia Celular 2020 (pandemia) PROGRAMA CIENCIAS NATURALES 2020 Programa de HyPEA, Terciario Normal. Yepez 2020 PDF Programa de Laboratorio 2020 Programa de Modelo Matem\u00e1tico. Programa de Modelos f\u00edsicos- 1\u00b0 a\u00f1o de Biolog\u00eda PROGRAMA DE PROBLEM\u00c1TICA DE LA EDUCACI\u00d3N SECUNDARIA PROGRAMA DEFINITIVO LEO -BIOLOG\u00cdA- 1\u00b0-2020 PROGRAMA &#8230; <a title=\"PROGRAMA DE TODAS LAS CARRERAS\" class=\"read-more\" href=\"https:\/\/ensalberdi-tuc.infd.edu.ar\/sitio\/2397-2\/\" aria-label=\"More on PROGRAMA DE TODAS LAS CARRERAS\">[+]<\/a><\/p>\n","protected":false},"author":55,"featured_media":0,"comment_status":"open","ping_status":"open","sticky":false,"template":"","format":"standard","meta":[],"categories":[12,13,11,10,1],"tags":[],"acf":[],"_links":{"self":[{"href":"https:\/\/ensalberdi-tuc.infd.edu.ar\/sitio\/wp-json\/wp\/v2\/posts\/2397"}],"collection":[{"href":"https:\/\/ensalberdi-tuc.infd.edu.ar\/sitio\/wp-json\/wp\/v2\/posts"}],"about":[{"href":"https:\/\/ensalberdi-tuc.infd.edu.ar\/sitio\/wp-json\/wp\/v2\/types\/post"}],"author":[{"embeddable":true,"href":"https:\/\/ensalberdi-tuc.infd.edu.ar\/sitio\/wp-json\/wp\/v2\/users\/55"}],"replies":[{"embeddable":true,"href":"https:\/\/ensalberdi-tuc.infd.edu.ar\/sitio\/wp-json\/wp\/v2\/comments?post=2397"}],"version-history":[{"count":12,"href":"https:\/\/ensalberdi-tuc.infd.edu.ar\/sitio\/wp-json\/wp\/v2\/posts\/2397\/revisions"}],"predecessor-version":[{"id":2491,"href":"https:\/\/ensalberdi-tuc.infd.edu.ar\/sitio\/wp-json\/wp\/v2\/posts\/2397\/revisions\/2491"}],"wp:attachment":[{"href":"https:\/\/ensalberdi-tuc.infd.edu.ar\/sitio\/wp-json\/wp\/v2\/media?parent=2397"}],"wp:term":[{"taxonomy":"category","embeddable":true,"href":"https:\/\/ensalberdi-tuc.infd.edu.ar\/sitio\/wp-json\/wp\/v2\/categories?post=2397"},{"taxonomy":"post_tag","embeddable":true,"href":"https:\/\/ensalberdi-tuc.infd.edu.ar\/sitio\/wp-json\/wp\/v2\/tags?post=2397"}],"curies":[{"name":"wp","href":"https:\/\/api.w.org\/{rel}","templated":true}]}}